{"id":25707,"date":"2026-07-10T11:11:08","date_gmt":"2026-07-10T11:11:08","guid":{"rendered":"https:\/\/apeecomputers.co.in\/?p=25707"},"modified":"2026-07-10T11:11:12","modified_gmt":"2026-07-10T11:11:12","slug":"motogp-aragon-2026-kedvezmenyes-belepocsomagok","status":"publish","type":"post","link":"https:\/\/apeecomputers.co.in\/index.php\/2026\/07\/10\/motogp-aragon-2026-kedvezmenyes-belepocsomagok\/","title":{"rendered":"MotoGP Aragon 2026 &#8211; Kedvezm\u00e9nyes bel\u00e9p\u0151csomagok"},"content":{"rendered":"<div id=\"toc\" style=\"background: #f9f9f9;border: 1px solid #aaa;display: table;margin-bottom: 1em;padding: 1em;width: 350px;\">\n<p class=\"toctitle\" style=\"font-weight: 700;text-align: center;\">Blogok<\/p>\n<ul class=\"toc_list\">\n<li><a href=\"#toc-0\">GRUPO ARAG\u00d3N Digital: 888sport prom\u00f3ci\u00f3s k\u00f3d<\/a><\/li>\n<li><a href=\"#toc-1\">Brivio meger\u0151s\u00edtette, hogy Ogura 2026 v\u00e9g\u00e9n kil\u00e9p a Trackhouse-b\u00f3l<\/a><\/li>\n<li><a href=\"#toc-2\">Marc M\u00e1rquez visszat\u00e9r Mugell\u00f3ba<\/a><\/li>\n<\/ul>\n<\/div>\n<p>Annak \u00e9rdek\u00e9ben, hogy a j\u00e1rm\u0171vezet\u0151k k\u00f6nnyebben megismerkedhessenek a zenei k\u00f6vetelm\u00e9nyekkel, a h\u00e9tv\u00e9ge elej\u00e9n rutinfutamokat is beiktatnak. N\u00e9h\u00e1ny kvalifik\u00e1ci\u00f3s sorozatot is beprogramoztak, hogy befoly\u00e1solj\u00e1k a versenyz\u0151k rajtr\u00e1cs\u00e1nak rangsor\u00e1t a gyorsas\u00e1gi \u00e9s a kiemelt versenyeken. <!--more--> Az \u00faj versenyz\u0151k piaca 2025-re tal\u00e1n az egyik leg\u0151r\u00fcltebb volt az ut\u00f3bbi id\u0151ben, mivel csak Bagnaia (Ducati), Brad Binder (KTM) \u00e9s Johann Zarco (LCR) csatlakozott id\u00e9n, de m\u00e1r <a href=\"https:\/\/fogadas-sport.com\/888sport-online-fogadas\/\">888sport prom\u00f3ci\u00f3s k\u00f3d<\/a> nem alkudtak a j\u00f6v\u0151 \u00e9vi tulajdonosok\u00e9rt. Febru\u00e1rban azt\u00e1n kider\u00fclt, hogy a Moto2 egyik versenyz\u0151je, Fermin Aldeguer, egy nagyszer\u0171 Ducati-\u00fczletk\u00f6t\u00e9st k\u00f6t\u00f6tt, \u00edgy egyszer\u0171en csak az a k\u00e9rd\u00e9s mer\u00fclt fel, hogy az \u00faj olasz m\u00e1rka helyet keres az egyik k\u00eds\u00e9r\u0151csapatukn\u00e1l. Amit v\u00e9g\u00fcl a Gresini augusztusban, a 19 \u00e9ves pedig a nyolcszoros vil\u00e1gbajnok Marquez helyett d\u00f6nt\u00f6tt. A leg\u00fajabb MotoGP-legenda a motoros szakma legnagyobb alakja, mik\u00f6zben egy nagy fordulattal Marquez a Ducati rakt\u00e1rcsapat\u00e1ban kapott helyet Martin helyett.<\/p>\n<h2 id=\"toc-0\">GRUPO ARAG\u00d3N Digital: 888sport prom\u00f3ci\u00f3s k\u00f3d<\/h2>\n<p>A frissen Toki\u00f3ban l\u00e9trehozott legfiatalabb csapat k\u00e9t szezonra sz\u00f3l\u00f3 meg\u00e1llapod\u00e1st k\u00f6t\u00f6tt, amely a MotoGP leg\u00fajabb csapat\u00e1t is mag\u00e1ban foglalja. Enea Bastianini \u00e9s Maverick Vinales a Red Bull KTM Technology 3. l\u00e9p\u00e9s\u00e9t biztos\u00edtja a Language du\u00f3, Pedro Acosta \u00e9s Augusto Fernandez t\u00e1voz\u00e1sa ut\u00e1n. A k\u00e9t \u00e9v \u00e9rzelmi b\u0171v\u00f6let\u00e9t\u0151l szenvedett Fernandez \u00e1tadja kanap\u00e9j\u00e1t, \u00e9s nem siker\u00fclt dobog\u00f3s helyet szereznie a 40 fontos verseny kezdet\u00e9n.<\/p>\n<h2 id=\"toc-1\">Brivio meger\u0151s\u00edtette, hogy Ogura 2026 v\u00e9g\u00e9n kil\u00e9p a Trackhouse-b\u00f3l<\/h2>\n<p>Ez egy szil\u00e1rd k\u00f6z\u00e9pkateg\u00f3ri\u00e1s v\u00e1laszt\u00e1s a MotoGP rajong\u00f3k sz\u00e1m\u00e1ra, akik a mor\u00e1lt, a k\u00e9nyelmet keresik, \u00e9s csak az els\u0151 aut\u00f3\u00fatra v\u00e1gynak a p\u00e1ly\u00e1n. Parador de Alca\u00f1iz (\u2605\u2605\u2605) Egy csod\u00e1latos dombtet\u0151n \u00e1ll\u00f3 sz\u00e1lloda egy XII. \u00e9vezredbeli palota-kolostorban, panor\u00e1m\u00e1s kil\u00e1t\u00e1ssal, eleg\u00e1ns h\u00e1l\u00f3szob\u00e1val \u00e9s egy k\u00fcl\u00f6nleges t\u00f6rt\u00e9nelmi k\u00f6rnyezettel. Ide\u00e1lis azoknak a rajong\u00f3knak, akik a versenyz\u00e9si kalandokat \u00e9s a felejthetetlen t\u00e1rsas\u00e1gi \u00e9lm\u00e9nyt keresik. Spanyolorsz\u00e1g n\u00e9gy MotoGP-futam\u00e1nak egyike a Motorland Aragonban zajlik, Spanyolorsz\u00e1g puszta t\u00e1jain. Mi az\u00e9rt is vagyunk itt, hogy minden inform\u00e1ci\u00f3t megkapj, amit csak szeretn\u00e9l, hogy a lehet\u0151 legt\u00f6bbet hozhasd ki \u00e9l\u0151 motorsport \u00e9rz\u00e9kedb\u0151l.<\/p>\n<p>Quiles bossz\u00fat \u00e1llt, \u00e9s a v\u00e9g\u00e9n egy k\u00f6lts\u00e9ges hiba is t\u00f6rt\u00e9nt Rueda legy\u0151z\u00e9se miatt, valamint az, hogy a verseny \u00e9llovasa teljesen rosszul \u00e1ll\u00edtotta be az els\u0151 l\u00e9p\u00e9st, \u00e9s ez sokba fog ker\u00fclni. A v\u00e9geredm\u00e9ny egy utols\u00f3 sz\u00e1rnyal\u00e1ssal z\u00e1rul\u00f3 verseny volt, de Quiles \u00faj #28-as aut\u00f3ja, amely megpr\u00f3b\u00e1lta megoldani a probl\u00e9m\u00e1t Mu\u00f1oz el\u0151tt, mer\u00e9szen bel\u00e9pett az utols\u00f3 kanyarba, tiszt\u00e1n tartva \u0151ket \u00e9s tartva \u0151ket. Quiles megpr\u00f3b\u00e1lt visszav\u00e1gni a ringhez, de csak r\u00f6vid id\u0151re siker\u00fclt, mivel Mu\u00f1oz lett a Moto3 leg\u00fajabb bajnoka.<\/p>\n<h2 id=\"toc-2\">Marc M\u00e1rquez visszat\u00e9r Mugell\u00f3ba<\/h2>\n<p><img decoding=\"async\" src=\"https:\/\/4c0aa8c22572fea1c25b-dcb2c52d171c68965595a3f761d319ba.ssl.cf3.rackcdn.com\/sports-content\/wimbledon\/hub-thumb.jpg\" alt=\"888sport prom\u00f3ci\u00f3s k\u00f3d\" align=\"left\" border=\"1\"><\/p>\n<p>Arag\u00f3nia negyed\u00e9nek befektet\u00e9sek\u00e9nt Zaragoza a t\u00f6rt\u00e9nelmi l\u00e1tv\u00e1nyoss\u00e1gokat \u00f6tv\u00f6zi a modern k\u00e9nyelemmel \u2013 t\u00f6k\u00e9letes azok sz\u00e1m\u00e1ra, akik a versenynapok izgalm\u00e1t keresik, \u00e9s a k\u00f6rny\u00e9ken k\u00e9tfel\u00e9 kell szakadniuk. Alca\u00f1iz a legk\u00f6zelebbi hely (pubkemping \u2013 l\u00e1sd al\u00e1bb), ahol a MotoGP rajong\u00f3k egyed\u00fcl s\u00e9t\u00e1lhatnak az \u00e9lm\u00e9ny sz\u00edv\u00e9ben. Az \u00faj Arag\u00f3niai MotoGP otthona aut\u00f3val mind\u00f6ssze t\u00edz percre tal\u00e1lhat\u00f3 a MotorLand Arag\u00f3nt\u00f3l.<\/p>\n<p>Hivatalosan is megjelent a 2025-\u00f6s MotoGP K\u00f6z\u00f6ss\u00e9gi Bajnoks\u00e1g vadonat\u00faj versenynapt\u00e1ra, amely 22 ciklusb\u00f3l \u00e1ll, egy m\u00e1rkan\u00e9vvel ell\u00e1tott, leg\u00fajabb \u00e9lm\u00e9nyt ny\u00fajt\u00f3 magyarorsz\u00e1gi futammal, \u00e9s Thaif\u00f6ldre k\u00f6lt\u00f6z\u00e9ssel a szezon nyit\u00e1ny\u00e1ra. A MotoGP 2025. j\u00falius 24-\u00e9n, cs\u00fct\u00f6rt\u00f6k\u00f6n jelentette be a leg\u00fajabb, 2026-os \u00e9v menetrendj\u00e9t, amely ism\u00e9t 22 fordul\u00f3t foglalhat mag\u00e1ban. Az \u00faj Arag\u00f3niai Nagyd\u00edj a 2026-os MotoGP ipar\u00e1gi bajnoki c\u00edm 14. fordul\u00f3ja. Az egy-k\u00e9t versenynapt\u00e1r jelent\u0151s, 37,5percent-os n\u00f6veked\u00e9st jelent a 16 GP-hez k\u00e9pest, \u00e9s \u00f6sszehasonl\u00edtva a 2000-es menetrenddel, ami j\u00f3l mutatja, mennyire fellend\u00fclt a sport az elm\u00falt 25 \u00e9vben. Ami tov\u00e1bbi izgalmas szezonoknak \u00edg\u00e9rkezik a MotoGP\u2122 vil\u00e1g\u00e1ban 2026-ban, azt egy \u00fajabb dupla futam z\u00e1rja Portug\u00e1li\u00e1ban, Portima\u00f3ban \u00e9s Chesterben, Valenci\u00e1ban, m\u00edg a szezonz\u00e1r\u00f3 november 27-29. k\u00f6z\u00f6tt kezd\u0151dik. K\u00f6zvetlen\u00fcl a braz\u00edliai visszat\u00e9r\u00e9s ut\u00e1n az \u00faj paddock a k\u00f6vetkez\u0151 h\u00e9tv\u00e9g\u00e9n \u00e9szak fel\u00e9 veszi az ir\u00e1nyt az amerikai nagyd\u00edjra a legend\u00e1s texasi COTA \u00e1llom\u00e1sr\u00f3l, miel\u0151tt a paddock egy m\u00f3dos\u00edtott menetrendet k\u00f6vet\u0151en el\u0151sz\u00f6r beindulna.<\/p>\n<p>Franco Morbidelli j\u00f3l indult az els\u0151 sorban, de k\u00e9ptelenek voltak a legjobb Ducati tri\u00f3ban maradni, ha Pedro Acosta r\u00f6viden \u00f6sszecsapott Bagnai\u00e1val, miel\u0151tt visszat\u00e9rt az \u00faj \u00fcld\u00f6z\u0151i kateg\u00f3ri\u00e1ba. \u00c1lex M\u00e1rquez ezut\u00e1n n\u00e9h\u00e1ny gyereket tett meg, \u00e9s fenntartotta mag\u00e1t az identit\u00e1svita sor\u00e1n, miszerint Bagnaia Acost\u00e1t megel\u0151zve er\u0151s harmadik k\u00f6rt biztos\u00edthatott. Morbidelli Ferm\u00edn Aldeguer el\u0151tt az \u00f6t legjobb k\u00f6z\u00fcl ker\u00fclt ki, m\u00edg Marco Bezzecchi egy nagyszer\u0171, alacsony rajtr\u00e1cshelyzetb\u0151l a 8. helyen \u00e9rt c\u00e9lba egy szemt\u0151l szembeni Arag\u00f3niai Nagyd\u00edj ut\u00e1n. Az \u00e1tfog\u00f3 helyzettervez\u00e9s \u00e9s a napt\u00e1relemz\u00e9s ut\u00e1n a leg\u00fajabb m\u00f3dos\u00edtott d\u00e1tumot v\u00e1lasztott\u00e1k ki, hogy minim\u00e1lis zavart okozzon az \u00faj MotoGP-tervben.<\/p>\n","protected":false},"excerpt":{"rendered":"<p>Blogok GRUPO ARAG\u00d3N Digital: 888sport prom\u00f3ci\u00f3s k\u00f3d Brivio meger\u0151s\u00edtette, hogy Ogura 2026 v\u00e9g\u00e9n kil\u00e9p a Trackhouse-b\u00f3l Marc M\u00e1rquez visszat\u00e9r Mugell\u00f3ba Annak \u00e9rdek\u00e9ben, hogy a j\u00e1rm\u0171vezet\u0151k k\u00f6nnyebben megismerkedhessenek a zenei k\u00f6vetelm\u00e9nyekkel, a h\u00e9tv\u00e9ge elej\u00e9n rutinfutamokat is beiktatnak. N\u00e9h\u00e1ny kvalifik\u00e1ci\u00f3s sorozatot is beprogramoztak, hogy befoly\u00e1solj\u00e1k a versenyz\u0151k&#8230;<\/p>\n","protected":false},"author":1,"featured_media":0,"comment_status":"closed","ping_status":"open","sticky":false,"template":"","format":"standard","meta":{"content-type":"","footnotes":""},"categories":[1],"tags":[],"class_list":["post-25707","post","type-post","status-publish","format-standard","hentry","category-uncategorized"],"_links":{"self":[{"href":"https:\/\/apeecomputers.co.in\/index.php\/wp-json\/wp\/v2\/posts\/25707","targetHints":{"allow":["GET"]}}],"collection":[{"href":"https:\/\/apeecomputers.co.in\/index.php\/wp-json\/wp\/v2\/posts"}],"about":[{"href":"https:\/\/apeecomputers.co.in\/index.php\/wp-json\/wp\/v2\/types\/post"}],"author":[{"embeddable":true,"href":"https:\/\/apeecomputers.co.in\/index.php\/wp-json\/wp\/v2\/users\/1"}],"replies":[{"embeddable":true,"href":"https:\/\/apeecomputers.co.in\/index.php\/wp-json\/wp\/v2\/comments?post=25707"}],"version-history":[{"count":1,"href":"https:\/\/apeecomputers.co.in\/index.php\/wp-json\/wp\/v2\/posts\/25707\/revisions"}],"predecessor-version":[{"id":25708,"href":"https:\/\/apeecomputers.co.in\/index.php\/wp-json\/wp\/v2\/posts\/25707\/revisions\/25708"}],"wp:attachment":[{"href":"https:\/\/apeecomputers.co.in\/index.php\/wp-json\/wp\/v2\/media?parent=25707"}],"wp:term":[{"taxonomy":"category","embeddable":true,"href":"https:\/\/apeecomputers.co.in\/index.php\/wp-json\/wp\/v2\/categories?post=25707"},{"taxonomy":"post_tag","embeddable":true,"href":"https:\/\/apeecomputers.co.in\/index.php\/wp-json\/wp\/v2\/tags?post=25707"}],"curies":[{"name":"wp","href":"https:\/\/api.w.org\/{rel}","templated":true}]}}